{"id":6866,"date":"2026-09-01T13:06:12","date_gmt":"2026-09-01T13:06:12","guid":{"rendered":"https:\/\/www.riberasalud.com\/ribera-dent\/?p=6866"},"modified":"2026-09-01T13:06:14","modified_gmt":"2026-09-01T13:06:14","slug":"bruxismo-verano-causas-sintomas-tratamiento","status":"publish","type":"post","link":"https:\/\/www.riberasalud.com\/ribera-dent\/blog\/bruxismo-verano-causas-sintomas-tratamiento\/","title":{"rendered":"Bruxismo en verano: por qu\u00e9 aprietas m\u00e1s los dientes en esta \u00e9poca y c\u00f3mo protegerte"},"content":{"rendered":"\n<p class=\"wp-block-paragraph\">Aunque asociamos el verano con descanso y desconexi\u00f3n, muchas personas notan que aprietan o rechinan m\u00e1s los dientes durante estos meses. La explicaci\u00f3n es m\u00e1s compleja de lo que parece: el cambio de rutina, los viajes, el calor, la deshidrataci\u00f3n, el consumo de alcohol y las alteraciones del sue\u00f1o pueden aumentar o agravar el bruxismo en verano, incluso en quienes lo tienen controlado el resto del a\u00f1o. Estos factores generan tensi\u00f3n muscular y modifican los patrones de descanso, favoreciendo el apriete dental y el rechinamiento dental, especialmente durante la noche.<\/p>\n\n\n\n<p class=\"wp-block-paragraph\">En esta entrada al blog de Ribera Dent vamos a explicar las causas y detonantes que favorecen el bruxismo.<\/p>\n\n\n\n<h2 class=\"wp-block-heading\"><strong>Por qu\u00e9 el bruxismo empeora en verano aunque est\u00e9s de vacaciones<\/strong><\/h2>\n\n\n\n<p class=\"wp-block-paragraph\">El verano no siempre significa menos estr\u00e9s para el organismo. Los cambios de horarios, desplazamientos y nuevas rutinas obligan al cuerpo a adaptarse constantemente.<\/p>\n\n\n\n<p class=\"wp-block-paragraph\">El bruxismo es una actividad involuntaria que puede manifestarse como bruxismo diurno o bruxismo nocturno. Aunque el estr\u00e9s y la ansiedad son factores conocidos, en verano aparecen circunstancias adicionales que pueden favorecer el apriete de los dientes. Dormir menos horas, acostarse m\u00e1s tarde o alterar los h\u00e1bitos cotidianos puede aumentar la actividad muscular involuntaria relacionada con el bruxismo.<\/p>\n\n\n\n<h2 class=\"wp-block-heading\"><strong>Factores del verano que disparan el apriete y el rechinamiento dental<\/strong><\/h2>\n\n\n\n<p class=\"wp-block-paragraph\">Diversos factores propios del verano pueden favorecer el bruxismo o hacer que sus s\u00edntomas sean m\u00e1s intensos, incluso en personas que apenas lo perciben durante el resto del a\u00f1o.<\/p>\n\n\n\n<ol class=\"wp-block-list\">\n<li><strong>Calor y peor calidad del sue\u00f1o.<\/strong> Las altas temperaturas dificultan el descanso profundo y provocan despertares m\u00e1s frecuentes. Cuando el sue\u00f1o pierde calidad, pueden aumentar los episodios de bruxismo nocturno, intensificando el desgaste dental y la tensi\u00f3n muscular.<\/li>\n\n\n\n<li><strong>Deshidrataci\u00f3n y tensi\u00f3n muscular.<\/strong> La falta de hidrataci\u00f3n afecta al funcionamiento normal de m\u00fasculos y articulaciones. Esto puede favorecer contracturas y molestias en m\u00fasculos implicados en la masticaci\u00f3n, como el masetero y el temporal, aumentando la sensaci\u00f3n de tensi\u00f3n mandibular.<\/li>\n\n\n\n<li><strong>Cambios de rutina y estr\u00e9s adaptativo.<\/strong> Aunque estemos de vacaciones, el cerebro contin\u00faa adapt\u00e1ndose a nuevos horarios, desplazamientos o actividades. Este proceso puede generar un tipo de estr\u00e9s temporal que favorece el bruxismo verano estr\u00e9s, especialmente en personas predispuestas.<\/li>\n\n\n\n<li><strong>Consumo de alcohol.<\/strong> Las reuniones sociales y celebraciones suelen aumentar durante el verano. El alcohol altera la arquitectura normal del sue\u00f1o y puede favorecer un mayor apriete dental nocturno.<\/li>\n\n\n\n<li><strong>Viajes y dormir fuera de casa.<\/strong> Dormir en hoteles, apartamentos o camas diferentes puede alterar el descanso y activar el bruxismo en personas sensibles, especialmente cuando ya existe una predisposici\u00f3n previa.<\/li>\n<\/ol>\n\n\n\n<h2 class=\"wp-block-heading\"><strong>\u00bfC\u00f3mo saber si tienes bruxismo en verano? S\u00edntomas que no debes ignorar<\/strong><\/h2>\n\n\n\n<p class=\"wp-block-paragraph\">Los s\u00edntomas del bruxismo pueden confundirse con el cansancio o las molestias propias de las vacaciones, por lo que muchas personas no identifican el problema.<\/p>\n\n\n\n<p class=\"wp-block-paragraph\">Los signos m\u00e1s frecuentes de bruxismo en verano s\u00edntomas son:<\/p>\n\n\n\n<ul class=\"wp-block-list\">\n<li>Dolor de mand\u00edbula al despertar.<\/li>\n\n\n\n<li>Sensaci\u00f3n de rigidez en la articulaci\u00f3n temporomandibular.<\/li>\n\n\n\n<li>Dolor de cabeza matutino.<\/li>\n\n\n\n<li>Cansancio muscular en la cara.<\/li>\n\n\n\n<li>Molestias en cuello y hombros o cervicalgia.<\/li>\n\n\n\n<li>Sensibilidad dental aumentada.<\/li>\n\n\n\n<li>Sensaci\u00f3n de presi\u00f3n en los dientes.<\/li>\n\n\n\n<li>Chasquidos o molestias al abrir y cerrar la boca.<\/li>\n<\/ul>\n\n\n\n<p class=\"wp-block-paragraph\">Adem\u00e1s, durante una revisi\u00f3n dental pueden detectarse se\u00f1ales que el paciente no percibe, como:<\/p>\n\n\n\n<ul class=\"wp-block-list\">\n<li>Desgaste dental progresivo.<\/li>\n\n\n\n<li>P\u00e9rdida de esmalte dental.<\/li>\n\n\n\n<li>Marcas en la lengua.<\/li>\n\n\n\n<li>Huellas o mordeduras en la cara interna de las mejillas.<\/li>\n\n\n\n<li>Signos de disfunci\u00f3n temporomandibular.<\/li>\n<\/ul>\n\n\n\n<h2 class=\"wp-block-heading\"><strong>Qu\u00e9 da\u00f1os puede provocar el bruxismo si no se trata durante el verano<\/strong><\/h2>\n\n\n\n<p class=\"wp-block-paragraph\">El bruxismo no es \u00fanicamente una molestia pasajera. Cuando se mantiene en el tiempo puede producir da\u00f1os importantes en dientes y articulaciones.<\/p>\n\n\n\n<p class=\"wp-block-paragraph\">El apriete continuado favorece el desgaste del esmalte, aumenta el riesgo de fracturas dentales y puede generar sensibilidad al fr\u00edo o al calor. Adem\u00e1s, la sobrecarga constante de la musculatura masticatoria puede provocar dolor cr\u00f3nico en la mand\u00edbula, limitaci\u00f3n de movimientos y alteraciones en la articulaci\u00f3n temporomandibular.<\/p>\n\n\n\n<p class=\"wp-block-paragraph\">Cuanto antes se detecte, m\u00e1s sencillo ser\u00e1 evitar complicaciones futuras.<\/p>\n\n\n\n<h2 class=\"wp-block-heading\"><strong>Tratamientos para el bruxismo: desde la f\u00e9rula de descarga hasta la toxina botul\u00ednica<\/strong><\/h2>\n\n\n\n<p class=\"wp-block-paragraph\">El tratamiento del bruxismo debe adaptarse a cada paciente y a la intensidad de los s\u00edntomas. El objetivo es proteger los dientes y reducir la fuerza del apriete.<\/p>\n\n\n\n<ul class=\"wp-block-list\">\n<li><strong>F\u00e9rula de descarga.<\/strong> Es el tratamiento m\u00e1s habitual. Se utiliza durante la noche para proteger los dientes frente al desgaste provocado por el bruxismo. Es importante recordar que no elimina la causa del problema, pero s\u00ed reduce sus consecuencias sobre la dentadura y la articulaci\u00f3n.<\/li>\n\n\n\n<li><strong>Toxina botul\u00ednica.<\/strong> En casos moderados o severos, la infiltraci\u00f3n de <strong>toxina botul\u00ednica<\/strong> en el m\u00fasculo masetero puede ayudar a disminuir la fuerza del apriete y aliviar la sobrecarga muscular.<\/li>\n\n\n\n<li><strong>Fisioterapia y t\u00e9cnicas de relajaci\u00f3n.<\/strong> La fisioterapia orofacial, los ejercicios espec\u00edficos de la musculatura mandibular y las t\u00e9cnicas de relajaci\u00f3n pueden complementar el tratamiento odontol\u00f3gico. Mantener una buena higiene del sue\u00f1o e intentar conservar horarios regulares durante las vacaciones tambi\u00e9n ayuda a reducir los episodios de bruxismo.<\/li>\n<\/ul>\n\n\n\n<p class=\"wp-block-paragraph\">En <strong>Ribera Dent<\/strong>, el diagn\u00f3stico y tratamiento del bruxismo es realizado por especialistas en odontolog\u00eda que valoran cada caso de forma individual para recomendar la opci\u00f3n m\u00e1s adecuada.<\/p>\n\n\n\n<h2 class=\"wp-block-heading\"><strong>Preguntas frecuentes sobre el bruxismo en verano<\/strong><\/h2>\n\n\n\n<div class=\"schema-faq wp-block-yoast-faq-block\"><div class=\"schema-faq-section\" id=\"faq-question-1788267518642\"><strong class=\"schema-faq-question\"><strong>\u00bfEs normal que el bruxismo empeore en verano si normalmente lo tengo controlado?<\/strong><\/strong> <p class=\"schema-faq-answer\">S\u00ed. El calor, la alteraci\u00f3n del sue\u00f1o, los viajes, la deshidrataci\u00f3n y los cambios de rutina pueden hacer que el bruxismo reaparezca o aumente temporalmente.<\/p> <\/div> <div class=\"schema-faq-section\" id=\"faq-question-1788267528422\"><strong class=\"schema-faq-question\"><strong>\u00bfPuedo hacerme una f\u00e9rula de descarga en verano o tengo que esperar a septiembre?<\/strong><\/strong> <p class=\"schema-faq-answer\">No es necesario esperar. De hecho, si notas que aprietas m\u00e1s los dientes durante las vacaciones, acudir al dentista cuanto antes puede ayudarte a prevenir da\u00f1os dentales.<\/p> <\/div> <div class=\"schema-faq-section\" id=\"faq-question-1788267538795\"><strong class=\"schema-faq-question\"><strong>\u00bfEl calor y la deshidrataci\u00f3n realmente influyen en el bruxismo?<\/strong><\/strong> <p class=\"schema-faq-answer\">Pueden contribuir al aumento de la tensi\u00f3n muscular y afectar a la calidad del sue\u00f1o, dos factores relacionados con una mayor intensidad del bruxismo.<\/p> <\/div> <div class=\"schema-faq-section\" id=\"faq-question-1788267552442\"><strong class=\"schema-faq-question\"><strong>\u00bfEl alcohol en verano agrava el bruxismo nocturno?<\/strong><\/strong> <p class=\"schema-faq-answer\">S\u00ed. El alcohol altera el descanso nocturno y puede favorecer episodios m\u00e1s intensos de apriete o rechinamiento dental durante el sue\u00f1o.<\/p> <\/div> <div class=\"schema-faq-section\" id=\"faq-question-1788267561198\"><strong class=\"schema-faq-question\"><strong>\u00bfC\u00f3mo puedo reducir el apriete dental en verano sin medicaci\u00f3n?<\/strong><\/strong> <p class=\"schema-faq-answer\">Mantener una buena hidrataci\u00f3n, respetar horarios de sue\u00f1o regulares, reducir el consumo de alcohol, practicar t\u00e9cnicas de relajaci\u00f3n y realizar ejercicios recomendados por profesionales puede ayudar a disminuir los s\u00edntomas.<\/p> <\/div> <\/div>\n\n\n\n<p class=\"wp-block-paragraph\">Si este verano notas dolor de mand\u00edbula, dolores de cabeza al despertar o una mayor sensibilidad dental, no lo ignores. Una revisi\u00f3n en Ribera Dent permitir\u00e1 valorar si necesitas una f\u00e9rula de descarga u otro tratamiento para proteger tu sonrisa y evitar que el bruxismo siga avanzando.<\/p>\n\n\n\n<p class=\"wp-block-paragraph\" style=\"font-size:10px\">AVISO: La finalidad de este blog es proporcionar informaci\u00f3n de salud que, en ning\u00fan caso sustituye la consulta con un m\u00e9dico. El grupo sanitario Ribera no se hace responsable de los contenidos, opiniones e im\u00e1genes que aparezcan relacionados con los blogs, pero si es informado de que existe cualquier contenido inapropiado o il\u00edcito, proceder\u00e1 a su eliminaci\u00f3n de forma inmediata.<\/p>\n\n\n\n<p class=\"wp-block-paragraph\" style=\"font-size:10px\">Los textos, art\u00edculos y contenidos de este blog est\u00e1n sujetos y protegidos por derechos de propiedad intelectual e industrial, disponiendo el grupo sanitario Ribera de los permisos necesarios para la utilizaci\u00f3n de las im\u00e1genes, fotograf\u00edas, textos, dise\u00f1os, animaciones y dem\u00e1s contenido o elementos que en \u00e9l aparezcan. El acceso y utilizaci\u00f3n de este blog no confiere al visitante ning\u00fan tipo de licencia o derecho de uso o explotaci\u00f3n alguno, por lo que el uso, reproducci\u00f3n, distribuci\u00f3n, comunicaci\u00f3n p\u00fablica, transformaci\u00f3n o cualquier otra actividad similar o an\u00e1loga, queda totalmente prohibida, salvo que medie expresa autorizaci\u00f3n por escrito del grupo sanitario Ribera.<\/p>\n\n\n\n<p class=\"wp-block-paragraph\" style=\"font-size:10px\">El grupo sanitario Ribera se reserva la facultad de retirar o suspender temporal o definitivamente, en cualquier momento y sin necesidad de aviso previo, el acceso al blog y\/o a los contenidos del mismo a aquellos visitantes, internautas o usuarios de internet que incumplan lo establecido en el presente Aviso, todo ello sin perjuicio del ejercicio de las acciones contra los mismos que procedan conforme a la Ley y al Derecho.<\/p>\n","protected":false},"excerpt":{"rendered":"<p>Aunque asociamos el verano con descanso y desconexi\u00f3n, muchas personas notan que aprietan o rechinan m\u00e1s los dientes durante estos meses. La explicaci\u00f3n es m\u00e1s compleja de lo que parece: el cambio de rutina, los viajes, el calor, la deshidrataci\u00f3n, el consumo de alcohol y las alteraciones del sue\u00f1o pueden aumentar o agravar el bruxismo &#8230; <a title=\"Bruxismo en verano: por qu\u00e9 aprietas m\u00e1s los dientes en esta \u00e9poca y c\u00f3mo protegerte\" class=\"read-more\" href=\"https:\/\/www.riberasalud.com\/ribera-dent\/blog\/bruxismo-verano-causas-sintomas-tratamiento\/\" aria-label=\"Leer m\u00e1s sobre Bruxismo en verano: por qu\u00e9 aprietas m\u00e1s los dientes en esta \u00e9poca y c\u00f3mo protegerte\">Leer m\u00e1s<\/a><\/p>\n","protected":false},"author":3,"featured_media":6867,"comment_status":"closed","ping_status":"open","sticky":false,"template":"","format":"standard","meta":{"_uag_custom_page_level_css":"","_mi_skip_tracking":false,"_glsr_average":0,"_glsr_ranking":0,"_glsr_reviews":0,"footnotes":""},"categories":[9],"tags":[240,47,243,247,242,241,246,17,93,245,244],"class_list":["post-6866","post","type-post","status-publish","format-standard","has-post-thumbnail","hentry","category-atm","tag-apretar-los-dientes","tag-bruxismo","tag-bruxismo-en-verano","tag-bruxismo-nocturno","tag-dolor-de-mandibula","tag-ferula-de-descarga-2","tag-rechinamiento-dental","tag-ribera-dent","tag-salud-dental","tag-tension-mandibular","tag-toxina-botulinica"],"yoast_head":"<!-- This site is optimized with the Yoast SEO plugin v27.6 - https:\/\/yoast.com\/product\/yoast-seo-wordpress\/ -->\n<title>Bruxismo en verano: por qu\u00e9 aprietas m\u00e1s los dientes en esta \u00e9poca y c\u00f3mo protegerte - Ribera Dent<\/title>\n<meta name=\"description\" content=\"Descubre por qu\u00e9 el bruxismo puede empeorar en verano, qu\u00e9 s\u00edntomas provoca y qu\u00e9 tratamientos ayudan a proteger los dientes y aliviar la tensi\u00f3n mandibular.\" \/>\n<meta name=\"robots\" content=\"index, follow, max-snippet:-1, max-image-preview:large, max-video-preview:-1\" \/>\n<link rel=\"canonical\" href=\"https:\/\/www.riberasalud.com\/ribera-dent\/blog\/bruxismo-verano-causas-sintomas-tratamiento\/\" \/>\n<meta property=\"og:locale\" content=\"es_ES\" \/>\n<meta property=\"og:type\" content=\"article\" \/>\n<meta property=\"og:title\" content=\"Bruxismo en verano: por qu\u00e9 aprietas m\u00e1s los dientes en esta \u00e9poca y c\u00f3mo protegerte - Ribera Dent\" \/>\n<meta property=\"og:description\" content=\"Descubre por qu\u00e9 el bruxismo puede empeorar en verano, qu\u00e9 s\u00edntomas provoca y qu\u00e9 tratamientos ayudan a proteger los dientes y aliviar la tensi\u00f3n mandibular.\" \/>\n<meta property=\"og:url\" content=\"https:\/\/www.riberasalud.com\/ribera-dent\/blog\/bruxismo-verano-causas-sintomas-tratamiento\/\" \/>\n<meta property=\"og:site_name\" content=\"Ribera Dent\" \/>\n<meta property=\"article:published_time\" content=\"2026-09-01T13:06:12+00:00\" \/>\n<meta property=\"article:modified_time\" content=\"2026-09-01T13:06:14+00:00\" \/>\n<meta property=\"og:image\" content=\"https:\/\/www.riberasalud.com\/ribera-dent\/wp-content\/uploads\/2026\/09\/depressed-ill-man-having-toothache-touching-cheek-young-man-suffering-from-tooth-pain-caries-male-suffering-from-toothache-closeup-portrait-casual-man-toothache-with-painful-expression-scaled.jpg\" \/>\n\t<meta property=\"og:image:width\" content=\"2560\" \/>\n\t<meta property=\"og:image:height\" content=\"1707\" \/>\n\t<meta property=\"og:image:type\" content=\"image\/jpeg\" \/>\n<meta name=\"author\" content=\"marsanchez\" \/>\n<meta name=\"twitter:card\" content=\"summary_large_image\" \/>\n<meta name=\"twitter:label1\" content=\"Escrito por\" \/>\n\t<meta name=\"twitter:data1\" content=\"marsanchez\" \/>\n\t<meta name=\"twitter:label2\" content=\"Tiempo de lectura\" \/>\n\t<meta name=\"twitter:data2\" content=\"7 minutos\" \/>\n<script type=\"application\/ld+json\" class=\"yoast-schema-graph\">{\"@context\":\"https:\\\/\\\/schema.org\",\"@graph\":[{\"@type\":\"Article\",\"@id\":\"https:\\\/\\\/www.riberasalud.com\\\/ribera-dent\\\/blog\\\/bruxismo-verano-causas-sintomas-tratamiento\\\/#article\",\"isPartOf\":{\"@id\":\"https:\\\/\\\/www.riberasalud.com\\\/ribera-dent\\\/blog\\\/bruxismo-verano-causas-sintomas-tratamiento\\\/\"},\"author\":{\"name\":\"marsanchez\",\"@id\":\"https:\\\/\\\/www.riberasalud.com\\\/ribera-dent\\\/#\\\/schema\\\/person\\\/9df2b75aa2499d07d5c24ff3774d710e\"},\"headline\":\"Bruxismo en verano: por qu\u00e9 aprietas m\u00e1s los dientes en esta \u00e9poca y c\u00f3mo protegerte\",\"datePublished\":\"2026-09-01T13:06:12+00:00\",\"dateModified\":\"2026-09-01T13:06:14+00:00\",\"mainEntityOfPage\":{\"@id\":\"https:\\\/\\\/www.riberasalud.com\\\/ribera-dent\\\/blog\\\/bruxismo-verano-causas-sintomas-tratamiento\\\/\"},\"wordCount\":1443,\"publisher\":{\"@id\":\"https:\\\/\\\/www.riberasalud.com\\\/ribera-dent\\\/#organization\"},\"image\":{\"@id\":\"https:\\\/\\\/www.riberasalud.com\\\/ribera-dent\\\/blog\\\/bruxismo-verano-causas-sintomas-tratamiento\\\/#primaryimage\"},\"thumbnailUrl\":\"https:\\\/\\\/www.riberasalud.com\\\/ribera-dent\\\/wp-content\\\/uploads\\\/2026\\\/09\\\/depressed-ill-man-having-toothache-touching-cheek-young-man-suffering-from-tooth-pain-caries-male-suffering-from-toothache-closeup-portrait-casual-man-toothache-with-painful-expression-scaled.jpg\",\"keywords\":[\"apretar los dientes\",\"bruxismo\",\"bruxismo en verano\",\"bruxismo nocturno\",\"dolor de mand\u00edbula\",\"f\u00e9rula de descarga\",\"rechinamiento dental\",\"Ribera Dent\",\"salud dental\",\"tensi\u00f3n mandibular\",\"toxina botul\u00ednica\"],\"articleSection\":[\"ATM\"],\"inLanguage\":\"es\"},{\"@type\":[\"WebPage\",\"FAQPage\"],\"@id\":\"https:\\\/\\\/www.riberasalud.com\\\/ribera-dent\\\/blog\\\/bruxismo-verano-causas-sintomas-tratamiento\\\/\",\"url\":\"https:\\\/\\\/www.riberasalud.com\\\/ribera-dent\\\/blog\\\/bruxismo-verano-causas-sintomas-tratamiento\\\/\",\"name\":\"Bruxismo en verano: por qu\u00e9 aprietas m\u00e1s los dientes en esta \u00e9poca y c\u00f3mo protegerte - Ribera Dent\",\"isPartOf\":{\"@id\":\"https:\\\/\\\/www.riberasalud.com\\\/ribera-dent\\\/#website\"},\"primaryImageOfPage\":{\"@id\":\"https:\\\/\\\/www.riberasalud.com\\\/ribera-dent\\\/blog\\\/bruxismo-verano-causas-sintomas-tratamiento\\\/#primaryimage\"},\"image\":{\"@id\":\"https:\\\/\\\/www.riberasalud.com\\\/ribera-dent\\\/blog\\\/bruxismo-verano-causas-sintomas-tratamiento\\\/#primaryimage\"},\"thumbnailUrl\":\"https:\\\/\\\/www.riberasalud.com\\\/ribera-dent\\\/wp-content\\\/uploads\\\/2026\\\/09\\\/depressed-ill-man-having-toothache-touching-cheek-young-man-suffering-from-tooth-pain-caries-male-suffering-from-toothache-closeup-portrait-casual-man-toothache-with-painful-expression-scaled.jpg\",\"datePublished\":\"2026-09-01T13:06:12+00:00\",\"dateModified\":\"2026-09-01T13:06:14+00:00\",\"description\":\"Descubre por qu\u00e9 el bruxismo puede empeorar en verano, qu\u00e9 s\u00edntomas provoca y qu\u00e9 tratamientos ayudan a proteger los dientes y aliviar la tensi\u00f3n mandibular.\",\"breadcrumb\":{\"@id\":\"https:\\\/\\\/www.riberasalud.com\\\/ribera-dent\\\/blog\\\/bruxismo-verano-causas-sintomas-tratamiento\\\/#breadcrumb\"},\"mainEntity\":[{\"@id\":\"https:\\\/\\\/www.riberasalud.com\\\/ribera-dent\\\/blog\\\/bruxismo-verano-causas-sintomas-tratamiento\\\/#faq-question-1788267518642\"},{\"@id\":\"https:\\\/\\\/www.riberasalud.com\\\/ribera-dent\\\/blog\\\/bruxismo-verano-causas-sintomas-tratamiento\\\/#faq-question-1788267528422\"},{\"@id\":\"https:\\\/\\\/www.riberasalud.com\\\/ribera-dent\\\/blog\\\/bruxismo-verano-causas-sintomas-tratamiento\\\/#faq-question-1788267538795\"},{\"@id\":\"https:\\\/\\\/www.riberasalud.com\\\/ribera-dent\\\/blog\\\/bruxismo-verano-causas-sintomas-tratamiento\\\/#faq-question-1788267552442\"},{\"@id\":\"https:\\\/\\\/www.riberasalud.com\\\/ribera-dent\\\/blog\\\/bruxismo-verano-causas-sintomas-tratamiento\\\/#faq-question-1788267561198\"}],\"inLanguage\":\"es\",\"potentialAction\":[{\"@type\":\"ReadAction\",\"target\":[\"https:\\\/\\\/www.riberasalud.com\\\/ribera-dent\\\/blog\\\/bruxismo-verano-causas-sintomas-tratamiento\\\/\"]}]},{\"@type\":\"ImageObject\",\"inLanguage\":\"es\",\"@id\":\"https:\\\/\\\/www.riberasalud.com\\\/ribera-dent\\\/blog\\\/bruxismo-verano-causas-sintomas-tratamiento\\\/#primaryimage\",\"url\":\"https:\\\/\\\/www.riberasalud.com\\\/ribera-dent\\\/wp-content\\\/uploads\\\/2026\\\/09\\\/depressed-ill-man-having-toothache-touching-cheek-young-man-suffering-from-tooth-pain-caries-male-suffering-from-toothache-closeup-portrait-casual-man-toothache-with-painful-expression-scaled.jpg\",\"contentUrl\":\"https:\\\/\\\/www.riberasalud.com\\\/ribera-dent\\\/wp-content\\\/uploads\\\/2026\\\/09\\\/depressed-ill-man-having-toothache-touching-cheek-young-man-suffering-from-tooth-pain-caries-male-suffering-from-toothache-closeup-portrait-casual-man-toothache-with-painful-expression-scaled.jpg\",\"width\":2560,\"height\":1707,\"caption\":\"depressed ill man having toothache touching cheek young man suffering from tooth pain caries male suffering from toothache closeup portrait casual man toothache with painful expression\"},{\"@type\":\"BreadcrumbList\",\"@id\":\"https:\\\/\\\/www.riberasalud.com\\\/ribera-dent\\\/blog\\\/bruxismo-verano-causas-sintomas-tratamiento\\\/#breadcrumb\",\"itemListElement\":[{\"@type\":\"ListItem\",\"position\":1,\"name\":\"Portada\",\"item\":\"https:\\\/\\\/www.riberasalud.com\\\/ribera-dent\\\/\"},{\"@type\":\"ListItem\",\"position\":2,\"name\":\"Bruxismo en verano: por qu\u00e9 aprietas m\u00e1s los dientes en esta \u00e9poca y c\u00f3mo protegerte\"}]},{\"@type\":\"WebSite\",\"@id\":\"https:\\\/\\\/www.riberasalud.com\\\/ribera-dent\\\/#website\",\"url\":\"https:\\\/\\\/www.riberasalud.com\\\/ribera-dent\\\/\",\"name\":\"Ribera Dent\",\"description\":\"\",\"publisher\":{\"@id\":\"https:\\\/\\\/www.riberasalud.com\\\/ribera-dent\\\/#organization\"},\"potentialAction\":[{\"@type\":\"SearchAction\",\"target\":{\"@type\":\"EntryPoint\",\"urlTemplate\":\"https:\\\/\\\/www.riberasalud.com\\\/ribera-dent\\\/?s={search_term_string}\"},\"query-input\":{\"@type\":\"PropertyValueSpecification\",\"valueRequired\":true,\"valueName\":\"search_term_string\"}}],\"inLanguage\":\"es\"},{\"@type\":\"Organization\",\"@id\":\"https:\\\/\\\/www.riberasalud.com\\\/ribera-dent\\\/#organization\",\"name\":\"Ribera Dent\",\"url\":\"https:\\\/\\\/www.riberasalud.com\\\/ribera-dent\\\/\",\"logo\":{\"@type\":\"ImageObject\",\"inLanguage\":\"es\",\"@id\":\"https:\\\/\\\/www.riberasalud.com\\\/ribera-dent\\\/#\\\/schema\\\/logo\\\/image\\\/\",\"url\":\"https:\\\/\\\/www.riberasalud.com\\\/ribera-dent\\\/wp-content\\\/uploads\\\/2026\\\/05\\\/cropped-Logo-Rojo-Ribera-Dent.png\",\"contentUrl\":\"https:\\\/\\\/www.riberasalud.com\\\/ribera-dent\\\/wp-content\\\/uploads\\\/2026\\\/05\\\/cropped-Logo-Rojo-Ribera-Dent.png\",\"width\":2145,\"height\":402,\"caption\":\"Ribera Dent\"},\"image\":{\"@id\":\"https:\\\/\\\/www.riberasalud.com\\\/ribera-dent\\\/#\\\/schema\\\/logo\\\/image\\\/\"}},{\"@type\":\"Person\",\"@id\":\"https:\\\/\\\/www.riberasalud.com\\\/ribera-dent\\\/#\\\/schema\\\/person\\\/9df2b75aa2499d07d5c24ff3774d710e\",\"name\":\"marsanchez\",\"image\":{\"@type\":\"ImageObject\",\"inLanguage\":\"es\",\"@id\":\"https:\\\/\\\/secure.gravatar.com\\\/avatar\\\/0e2ddfa6ca50f038a905865f19439697542e5743a0628f67c9fac9c893b311be?s=96&d=mm&r=g\",\"url\":\"https:\\\/\\\/secure.gravatar.com\\\/avatar\\\/0e2ddfa6ca50f038a905865f19439697542e5743a0628f67c9fac9c893b311be?s=96&d=mm&r=g\",\"contentUrl\":\"https:\\\/\\\/secure.gravatar.com\\\/avatar\\\/0e2ddfa6ca50f038a905865f19439697542e5743a0628f67c9fac9c893b311be?s=96&d=mm&r=g\",\"caption\":\"marsanchez\"},\"url\":\"https:\\\/\\\/www.riberasalud.com\\\/ribera-dent\\\/blog\\\/author\\\/marsanchez\\\/\"},{\"@type\":\"Question\",\"@id\":\"https:\\\/\\\/www.riberasalud.com\\\/ribera-dent\\\/blog\\\/bruxismo-verano-causas-sintomas-tratamiento\\\/#faq-question-1788267518642\",\"position\":1,\"url\":\"https:\\\/\\\/www.riberasalud.com\\\/ribera-dent\\\/blog\\\/bruxismo-verano-causas-sintomas-tratamiento\\\/#faq-question-1788267518642\",\"name\":\"\u00bfEs normal que el bruxismo empeore en verano si normalmente lo tengo controlado?\",\"answerCount\":1,\"acceptedAnswer\":{\"@type\":\"Answer\",\"text\":\"S\u00ed. El calor, la alteraci\u00f3n del sue\u00f1o, los viajes, la deshidrataci\u00f3n y los cambios de rutina pueden hacer que el bruxismo reaparezca o aumente temporalmente.\",\"inLanguage\":\"es\"},\"inLanguage\":\"es\"},{\"@type\":\"Question\",\"@id\":\"https:\\\/\\\/www.riberasalud.com\\\/ribera-dent\\\/blog\\\/bruxismo-verano-causas-sintomas-tratamiento\\\/#faq-question-1788267528422\",\"position\":2,\"url\":\"https:\\\/\\\/www.riberasalud.com\\\/ribera-dent\\\/blog\\\/bruxismo-verano-causas-sintomas-tratamiento\\\/#faq-question-1788267528422\",\"name\":\"\u00bfPuedo hacerme una f\u00e9rula de descarga en verano o tengo que esperar a septiembre?\",\"answerCount\":1,\"acceptedAnswer\":{\"@type\":\"Answer\",\"text\":\"No es necesario esperar. De hecho, si notas que aprietas m\u00e1s los dientes durante las vacaciones, acudir al dentista cuanto antes puede ayudarte a prevenir da\u00f1os dentales.\",\"inLanguage\":\"es\"},\"inLanguage\":\"es\"},{\"@type\":\"Question\",\"@id\":\"https:\\\/\\\/www.riberasalud.com\\\/ribera-dent\\\/blog\\\/bruxismo-verano-causas-sintomas-tratamiento\\\/#faq-question-1788267538795\",\"position\":3,\"url\":\"https:\\\/\\\/www.riberasalud.com\\\/ribera-dent\\\/blog\\\/bruxismo-verano-causas-sintomas-tratamiento\\\/#faq-question-1788267538795\",\"name\":\"\u00bfEl calor y la deshidrataci\u00f3n realmente influyen en el bruxismo?\",\"answerCount\":1,\"acceptedAnswer\":{\"@type\":\"Answer\",\"text\":\"Pueden contribuir al aumento de la tensi\u00f3n muscular y afectar a la calidad del sue\u00f1o, dos factores relacionados con una mayor intensidad del bruxismo.\",\"inLanguage\":\"es\"},\"inLanguage\":\"es\"},{\"@type\":\"Question\",\"@id\":\"https:\\\/\\\/www.riberasalud.com\\\/ribera-dent\\\/blog\\\/bruxismo-verano-causas-sintomas-tratamiento\\\/#faq-question-1788267552442\",\"position\":4,\"url\":\"https:\\\/\\\/www.riberasalud.com\\\/ribera-dent\\\/blog\\\/bruxismo-verano-causas-sintomas-tratamiento\\\/#faq-question-1788267552442\",\"name\":\"\u00bfEl alcohol en verano agrava el bruxismo nocturno?\",\"answerCount\":1,\"acceptedAnswer\":{\"@type\":\"Answer\",\"text\":\"S\u00ed. El alcohol altera el descanso nocturno y puede favorecer episodios m\u00e1s intensos de apriete o rechinamiento dental durante el sue\u00f1o.\",\"inLanguage\":\"es\"},\"inLanguage\":\"es\"},{\"@type\":\"Question\",\"@id\":\"https:\\\/\\\/www.riberasalud.com\\\/ribera-dent\\\/blog\\\/bruxismo-verano-causas-sintomas-tratamiento\\\/#faq-question-1788267561198\",\"position\":5,\"url\":\"https:\\\/\\\/www.riberasalud.com\\\/ribera-dent\\\/blog\\\/bruxismo-verano-causas-sintomas-tratamiento\\\/#faq-question-1788267561198\",\"name\":\"\u00bfC\u00f3mo puedo reducir el apriete dental en verano sin medicaci\u00f3n?\",\"answerCount\":1,\"acceptedAnswer\":{\"@type\":\"Answer\",\"text\":\"Mantener una buena hidrataci\u00f3n, respetar horarios de sue\u00f1o regulares, reducir el consumo de alcohol, practicar t\u00e9cnicas de relajaci\u00f3n y realizar ejercicios recomendados por profesionales puede ayudar a disminuir los s\u00edntomas.\",\"inLanguage\":\"es\"},\"inLanguage\":\"es\"}]}<\/script>\n<!-- \/ Yoast SEO plugin. -->","yoast_head_json":{"title":"Bruxismo en verano: por qu\u00e9 aprietas m\u00e1s los dientes en esta \u00e9poca y c\u00f3mo protegerte - Ribera Dent","description":"Descubre por qu\u00e9 el bruxismo puede empeorar en verano, qu\u00e9 s\u00edntomas provoca y qu\u00e9 tratamientos ayudan a proteger los dientes y aliviar la tensi\u00f3n mandibular.","robots":{"index":"index","follow":"follow","max-snippet":"max-snippet:-1","max-image-preview":"max-image-preview:large","max-video-preview":"max-video-preview:-1"},"canonical":"https:\/\/www.riberasalud.com\/ribera-dent\/blog\/bruxismo-verano-causas-sintomas-tratamiento\/","og_locale":"es_ES","og_type":"article","og_title":"Bruxismo en verano: por qu\u00e9 aprietas m\u00e1s los dientes en esta \u00e9poca y c\u00f3mo protegerte - Ribera Dent","og_description":"Descubre por qu\u00e9 el bruxismo puede empeorar en verano, qu\u00e9 s\u00edntomas provoca y qu\u00e9 tratamientos ayudan a proteger los dientes y aliviar la tensi\u00f3n mandibular.","og_url":"https:\/\/www.riberasalud.com\/ribera-dent\/blog\/bruxismo-verano-causas-sintomas-tratamiento\/","og_site_name":"Ribera Dent","article_published_time":"2026-09-01T13:06:12+00:00","article_modified_time":"2026-09-01T13:06:14+00:00","og_image":[{"width":2560,"height":1707,"url":"https:\/\/www.riberasalud.com\/ribera-dent\/wp-content\/uploads\/2026\/09\/depressed-ill-man-having-toothache-touching-cheek-young-man-suffering-from-tooth-pain-caries-male-suffering-from-toothache-closeup-portrait-casual-man-toothache-with-painful-expression-scaled.jpg","type":"image\/jpeg"}],"author":"marsanchez","twitter_card":"summary_large_image","twitter_misc":{"Escrito por":"marsanchez","Tiempo de lectura":"7 minutos"},"schema":{"@context":"https:\/\/schema.org","@graph":[{"@type":"Article","@id":"https:\/\/www.riberasalud.com\/ribera-dent\/blog\/bruxismo-verano-causas-sintomas-tratamiento\/#article","isPartOf":{"@id":"https:\/\/www.riberasalud.com\/ribera-dent\/blog\/bruxismo-verano-causas-sintomas-tratamiento\/"},"author":{"name":"marsanchez","@id":"https:\/\/www.riberasalud.com\/ribera-dent\/#\/schema\/person\/9df2b75aa2499d07d5c24ff3774d710e"},"headline":"Bruxismo en verano: por qu\u00e9 aprietas m\u00e1s los dientes en esta \u00e9poca y c\u00f3mo protegerte","datePublished":"2026-09-01T13:06:12+00:00","dateModified":"2026-09-01T13:06:14+00:00","mainEntityOfPage":{"@id":"https:\/\/www.riberasalud.com\/ribera-dent\/blog\/bruxismo-verano-causas-sintomas-tratamiento\/"},"wordCount":1443,"publisher":{"@id":"https:\/\/www.riberasalud.com\/ribera-dent\/#organization"},"image":{"@id":"https:\/\/www.riberasalud.com\/ribera-dent\/blog\/bruxismo-verano-causas-sintomas-tratamiento\/#primaryimage"},"thumbnailUrl":"https:\/\/www.riberasalud.com\/ribera-dent\/wp-content\/uploads\/2026\/09\/depressed-ill-man-having-toothache-touching-cheek-young-man-suffering-from-tooth-pain-caries-male-suffering-from-toothache-closeup-portrait-casual-man-toothache-with-painful-expression-scaled.jpg","keywords":["apretar los dientes","bruxismo","bruxismo en verano","bruxismo nocturno","dolor de mand\u00edbula","f\u00e9rula de descarga","rechinamiento dental","Ribera Dent","salud dental","tensi\u00f3n mandibular","toxina botul\u00ednica"],"articleSection":["ATM"],"inLanguage":"es"},{"@type":["WebPage","FAQPage"],"@id":"https:\/\/www.riberasalud.com\/ribera-dent\/blog\/bruxismo-verano-causas-sintomas-tratamiento\/","url":"https:\/\/www.riberasalud.com\/ribera-dent\/blog\/bruxismo-verano-causas-sintomas-tratamiento\/","name":"Bruxismo en verano: por qu\u00e9 aprietas m\u00e1s los dientes en esta \u00e9poca y c\u00f3mo protegerte - Ribera Dent","isPartOf":{"@id":"https:\/\/www.riberasalud.com\/ribera-dent\/#website"},"primaryImageOfPage":{"@id":"https:\/\/www.riberasalud.com\/ribera-dent\/blog\/bruxismo-verano-causas-sintomas-tratamiento\/#primaryimage"},"image":{"@id":"https:\/\/www.riberasalud.com\/ribera-dent\/blog\/bruxismo-verano-causas-sintomas-tratamiento\/#primaryimage"},"thumbnailUrl":"https:\/\/www.riberasalud.com\/ribera-dent\/wp-content\/uploads\/2026\/09\/depressed-ill-man-having-toothache-touching-cheek-young-man-suffering-from-tooth-pain-caries-male-suffering-from-toothache-closeup-portrait-casual-man-toothache-with-painful-expression-scaled.jpg","datePublished":"2026-09-01T13:06:12+00:00","dateModified":"2026-09-01T13:06:14+00:00","description":"Descubre por qu\u00e9 el bruxismo puede empeorar en verano, qu\u00e9 s\u00edntomas provoca y qu\u00e9 tratamientos ayudan a proteger los dientes y aliviar la tensi\u00f3n mandibular.","breadcrumb":{"@id":"https:\/\/www.riberasalud.com\/ribera-dent\/blog\/bruxismo-verano-causas-sintomas-tratamiento\/#breadcrumb"},"mainEntity":[{"@id":"https:\/\/www.riberasalud.com\/ribera-dent\/blog\/bruxismo-verano-causas-sintomas-tratamiento\/#faq-question-1788267518642"},{"@id":"https:\/\/www.riberasalud.com\/ribera-dent\/blog\/bruxismo-verano-causas-sintomas-tratamiento\/#faq-question-1788267528422"},{"@id":"https:\/\/www.riberasalud.com\/ribera-dent\/blog\/bruxismo-verano-causas-sintomas-tratamiento\/#faq-question-1788267538795"},{"@id":"https:\/\/www.riberasalud.com\/ribera-dent\/blog\/bruxismo-verano-causas-sintomas-tratamiento\/#faq-question-1788267552442"},{"@id":"https:\/\/www.riberasalud.com\/ribera-dent\/blog\/bruxismo-verano-causas-sintomas-tratamiento\/#faq-question-1788267561198"}],"inLanguage":"es","potentialAction":[{"@type":"ReadAction","target":["https:\/\/www.riberasalud.com\/ribera-dent\/blog\/bruxismo-verano-causas-sintomas-tratamiento\/"]}]},{"@type":"ImageObject","inLanguage":"es","@id":"https:\/\/www.riberasalud.com\/ribera-dent\/blog\/bruxismo-verano-causas-sintomas-tratamiento\/#primaryimage","url":"https:\/\/www.riberasalud.com\/ribera-dent\/wp-content\/uploads\/2026\/09\/depressed-ill-man-having-toothache-touching-cheek-young-man-suffering-from-tooth-pain-caries-male-suffering-from-toothache-closeup-portrait-casual-man-toothache-with-painful-expression-scaled.jpg","contentUrl":"https:\/\/www.riberasalud.com\/ribera-dent\/wp-content\/uploads\/2026\/09\/depressed-ill-man-having-toothache-touching-cheek-young-man-suffering-from-tooth-pain-caries-male-suffering-from-toothache-closeup-portrait-casual-man-toothache-with-painful-expression-scaled.jpg","width":2560,"height":1707,"caption":"depressed ill man having toothache touching cheek young man suffering from tooth pain caries male suffering from toothache closeup portrait casual man toothache with painful expression"},{"@type":"BreadcrumbList","@id":"https:\/\/www.riberasalud.com\/ribera-dent\/blog\/bruxismo-verano-causas-sintomas-tratamiento\/#breadcrumb","itemListElement":[{"@type":"ListItem","position":1,"name":"Portada","item":"https:\/\/www.riberasalud.com\/ribera-dent\/"},{"@type":"ListItem","position":2,"name":"Bruxismo en verano: por qu\u00e9 aprietas m\u00e1s los dientes en esta \u00e9poca y c\u00f3mo protegerte"}]},{"@type":"WebSite","@id":"https:\/\/www.riberasalud.com\/ribera-dent\/#website","url":"https:\/\/www.riberasalud.com\/ribera-dent\/","name":"Ribera Dent","description":"","publisher":{"@id":"https:\/\/www.riberasalud.com\/ribera-dent\/#organization"},"potentialAction":[{"@type":"SearchAction","target":{"@type":"EntryPoint","urlTemplate":"https:\/\/www.riberasalud.com\/ribera-dent\/?s={search_term_string}"},"query-input":{"@type":"PropertyValueSpecification","valueRequired":true,"valueName":"search_term_string"}}],"inLanguage":"es"},{"@type":"Organization","@id":"https:\/\/www.riberasalud.com\/ribera-dent\/#organization","name":"Ribera Dent","url":"https:\/\/www.riberasalud.com\/ribera-dent\/","logo":{"@type":"ImageObject","inLanguage":"es","@id":"https:\/\/www.riberasalud.com\/ribera-dent\/#\/schema\/logo\/image\/","url":"https:\/\/www.riberasalud.com\/ribera-dent\/wp-content\/uploads\/2026\/05\/cropped-Logo-Rojo-Ribera-Dent.png","contentUrl":"https:\/\/www.riberasalud.com\/ribera-dent\/wp-content\/uploads\/2026\/05\/cropped-Logo-Rojo-Ribera-Dent.png","width":2145,"height":402,"caption":"Ribera Dent"},"image":{"@id":"https:\/\/www.riberasalud.com\/ribera-dent\/#\/schema\/logo\/image\/"}},{"@type":"Person","@id":"https:\/\/www.riberasalud.com\/ribera-dent\/#\/schema\/person\/9df2b75aa2499d07d5c24ff3774d710e","name":"marsanchez","image":{"@type":"ImageObject","inLanguage":"es","@id":"https:\/\/secure.gravatar.com\/avatar\/0e2ddfa6ca50f038a905865f19439697542e5743a0628f67c9fac9c893b311be?s=96&d=mm&r=g","url":"https:\/\/secure.gravatar.com\/avatar\/0e2ddfa6ca50f038a905865f19439697542e5743a0628f67c9fac9c893b311be?s=96&d=mm&r=g","contentUrl":"https:\/\/secure.gravatar.com\/avatar\/0e2ddfa6ca50f038a905865f19439697542e5743a0628f67c9fac9c893b311be?s=96&d=mm&r=g","caption":"marsanchez"},"url":"https:\/\/www.riberasalud.com\/ribera-dent\/blog\/author\/marsanchez\/"},{"@type":"Question","@id":"https:\/\/www.riberasalud.com\/ribera-dent\/blog\/bruxismo-verano-causas-sintomas-tratamiento\/#faq-question-1788267518642","position":1,"url":"https:\/\/www.riberasalud.com\/ribera-dent\/blog\/bruxismo-verano-causas-sintomas-tratamiento\/#faq-question-1788267518642","name":"\u00bfEs normal que el bruxismo empeore en verano si normalmente lo tengo controlado?","answerCount":1,"acceptedAnswer":{"@type":"Answer","text":"S\u00ed. El calor, la alteraci\u00f3n del sue\u00f1o, los viajes, la deshidrataci\u00f3n y los cambios de rutina pueden hacer que el bruxismo reaparezca o aumente temporalmente.","inLanguage":"es"},"inLanguage":"es"},{"@type":"Question","@id":"https:\/\/www.riberasalud.com\/ribera-dent\/blog\/bruxismo-verano-causas-sintomas-tratamiento\/#faq-question-1788267528422","position":2,"url":"https:\/\/www.riberasalud.com\/ribera-dent\/blog\/bruxismo-verano-causas-sintomas-tratamiento\/#faq-question-1788267528422","name":"\u00bfPuedo hacerme una f\u00e9rula de descarga en verano o tengo que esperar a septiembre?","answerCount":1,"acceptedAnswer":{"@type":"Answer","text":"No es necesario esperar. De hecho, si notas que aprietas m\u00e1s los dientes durante las vacaciones, acudir al dentista cuanto antes puede ayudarte a prevenir da\u00f1os dentales.","inLanguage":"es"},"inLanguage":"es"},{"@type":"Question","@id":"https:\/\/www.riberasalud.com\/ribera-dent\/blog\/bruxismo-verano-causas-sintomas-tratamiento\/#faq-question-1788267538795","position":3,"url":"https:\/\/www.riberasalud.com\/ribera-dent\/blog\/bruxismo-verano-causas-sintomas-tratamiento\/#faq-question-1788267538795","name":"\u00bfEl calor y la deshidrataci\u00f3n realmente influyen en el bruxismo?","answerCount":1,"acceptedAnswer":{"@type":"Answer","text":"Pueden contribuir al aumento de la tensi\u00f3n muscular y afectar a la calidad del sue\u00f1o, dos factores relacionados con una mayor intensidad del bruxismo.","inLanguage":"es"},"inLanguage":"es"},{"@type":"Question","@id":"https:\/\/www.riberasalud.com\/ribera-dent\/blog\/bruxismo-verano-causas-sintomas-tratamiento\/#faq-question-1788267552442","position":4,"url":"https:\/\/www.riberasalud.com\/ribera-dent\/blog\/bruxismo-verano-causas-sintomas-tratamiento\/#faq-question-1788267552442","name":"\u00bfEl alcohol en verano agrava el bruxismo nocturno?","answerCount":1,"acceptedAnswer":{"@type":"Answer","text":"S\u00ed. El alcohol altera el descanso nocturno y puede favorecer episodios m\u00e1s intensos de apriete o rechinamiento dental durante el sue\u00f1o.","inLanguage":"es"},"inLanguage":"es"},{"@type":"Question","@id":"https:\/\/www.riberasalud.com\/ribera-dent\/blog\/bruxismo-verano-causas-sintomas-tratamiento\/#faq-question-1788267561198","position":5,"url":"https:\/\/www.riberasalud.com\/ribera-dent\/blog\/bruxismo-verano-causas-sintomas-tratamiento\/#faq-question-1788267561198","name":"\u00bfC\u00f3mo puedo reducir el apriete dental en verano sin medicaci\u00f3n?","answerCount":1,"acceptedAnswer":{"@type":"Answer","text":"Mantener una buena hidrataci\u00f3n, respetar horarios de sue\u00f1o regulares, reducir el consumo de alcohol, practicar t\u00e9cnicas de relajaci\u00f3n y realizar ejercicios recomendados por profesionales puede ayudar a disminuir los s\u00edntomas.","inLanguage":"es"},"inLanguage":"es"}]}},"uagb_featured_image_src":{"full":["https:\/\/www.riberasalud.com\/ribera-dent\/wp-content\/uploads\/2026\/09\/depressed-ill-man-having-toothache-touching-cheek-young-man-suffering-from-tooth-pain-caries-male-suffering-from-toothache-closeup-portrait-casual-man-toothache-with-painful-expression-scaled.jpg",2560,1707,false],"thumbnail":["https:\/\/www.riberasalud.com\/ribera-dent\/wp-content\/uploads\/2026\/09\/depressed-ill-man-having-toothache-touching-cheek-young-man-suffering-from-tooth-pain-caries-male-suffering-from-toothache-closeup-portrait-casual-man-toothache-with-painful-expression-150x150.jpg",150,150,true],"medium":["https:\/\/www.riberasalud.com\/ribera-dent\/wp-content\/uploads\/2026\/09\/depressed-ill-man-having-toothache-touching-cheek-young-man-suffering-from-tooth-pain-caries-male-suffering-from-toothache-closeup-portrait-casual-man-toothache-with-painful-expression-300x200.jpg",300,200,true],"medium_large":["https:\/\/www.riberasalud.com\/ribera-dent\/wp-content\/uploads\/2026\/09\/depressed-ill-man-having-toothache-touching-cheek-young-man-suffering-from-tooth-pain-caries-male-suffering-from-toothache-closeup-portrait-casual-man-toothache-with-painful-expression-768x512.jpg",768,512,true],"large":["https:\/\/www.riberasalud.com\/ribera-dent\/wp-content\/uploads\/2026\/09\/depressed-ill-man-having-toothache-touching-cheek-young-man-suffering-from-tooth-pain-caries-male-suffering-from-toothache-closeup-portrait-casual-man-toothache-with-painful-expression-1024x683.jpg",1024,683,true],"1536x1536":["https:\/\/www.riberasalud.com\/ribera-dent\/wp-content\/uploads\/2026\/09\/depressed-ill-man-having-toothache-touching-cheek-young-man-suffering-from-tooth-pain-caries-male-suffering-from-toothache-closeup-portrait-casual-man-toothache-with-painful-expression-1536x1024.jpg",1536,1024,true],"2048x2048":["https:\/\/www.riberasalud.com\/ribera-dent\/wp-content\/uploads\/2026\/09\/depressed-ill-man-having-toothache-touching-cheek-young-man-suffering-from-tooth-pain-caries-male-suffering-from-toothache-closeup-portrait-casual-man-toothache-with-painful-expression-2048x1365.jpg",2048,1365,true],"mailchimp":["https:\/\/www.riberasalud.com\/ribera-dent\/wp-content\/uploads\/2026\/09\/depressed-ill-man-having-toothache-touching-cheek-young-man-suffering-from-tooth-pain-caries-male-suffering-from-toothache-closeup-portrait-casual-man-toothache-with-painful-expression-560x373.jpg",560,373,true]},"uagb_author_info":{"display_name":"marsanchez","author_link":"https:\/\/www.riberasalud.com\/ribera-dent\/blog\/author\/marsanchez\/"},"uagb_comment_info":0,"uagb_excerpt":"Aunque asociamos el verano con descanso y desconexi\u00f3n, muchas personas notan que aprietan o rechinan m\u00e1s los dientes durante estos meses. La explicaci\u00f3n es m\u00e1s compleja de lo que parece: el cambio de rutina, los viajes, el calor, la deshidrataci\u00f3n, el consumo de alcohol y las alteraciones del sue\u00f1o pueden aumentar o agravar el bruxismo&hellip;","_links":{"self":[{"href":"https:\/\/www.riberasalud.com\/ribera-dent\/wp-json\/wp\/v2\/posts\/6866","targetHints":{"allow":["GET"]}}],"collection":[{"href":"https:\/\/www.riberasalud.com\/ribera-dent\/wp-json\/wp\/v2\/posts"}],"about":[{"href":"https:\/\/www.riberasalud.com\/ribera-dent\/wp-json\/wp\/v2\/types\/post"}],"author":[{"embeddable":true,"href":"https:\/\/www.riberasalud.com\/ribera-dent\/wp-json\/wp\/v2\/users\/3"}],"replies":[{"embeddable":true,"href":"https:\/\/www.riberasalud.com\/ribera-dent\/wp-json\/wp\/v2\/comments?post=6866"}],"version-history":[{"count":1,"href":"https:\/\/www.riberasalud.com\/ribera-dent\/wp-json\/wp\/v2\/posts\/6866\/revisions"}],"predecessor-version":[{"id":6868,"href":"https:\/\/www.riberasalud.com\/ribera-dent\/wp-json\/wp\/v2\/posts\/6866\/revisions\/6868"}],"wp:featuredmedia":[{"embeddable":true,"href":"https:\/\/www.riberasalud.com\/ribera-dent\/wp-json\/wp\/v2\/media\/6867"}],"wp:attachment":[{"href":"https:\/\/www.riberasalud.com\/ribera-dent\/wp-json\/wp\/v2\/media?parent=6866"}],"wp:term":[{"taxonomy":"category","embeddable":true,"href":"https:\/\/www.riberasalud.com\/ribera-dent\/wp-json\/wp\/v2\/categories?post=6866"},{"taxonomy":"post_tag","embeddable":true,"href":"https:\/\/www.riberasalud.com\/ribera-dent\/wp-json\/wp\/v2\/tags?post=6866"}],"curies":[{"name":"wp","href":"https:\/\/api.w.org\/{rel}","templated":true}]}}